{"id":9473,"date":"2025-02-04T15:23:51","date_gmt":"2025-02-04T14:23:51","guid":{"rendered":"http:\/\/paroissesaintmartindacheres.fr\/?p=9473"},"modified":"2025-03-05T16:23:19","modified_gmt":"2025-03-05T15:23:19","slug":"preparation-de-la-messe-des-malades","status":"publish","type":"post","link":"https:\/\/paroissesaintmartindacheres.fr\/index.php\/2025\/02\/04\/preparation-de-la-messe-des-malades\/","title":{"rendered":"Pr\u00e9paration de la messe des malades"},"content":{"rendered":"\n<h2 class=\"wp-block-heading\">Le dimanche de la sant\u00e9<\/h2>\n\n\n\n<p>\u00ab Le dimanche de la sant\u00e9 pourrait \u00eatre l\u2019occasion d\u2019envoyer les acteurs de la sant\u00e9 en mission, de les r\u00e9unir autour de l\u2019autel pour le Notre P\u00e8re par exemple, ou de les b\u00e9nir particuli\u00e8rement\u2026Non pas pour qu\u2019ils soient vus mais pour que la communaut\u00e9 prenne conscience de leur nombre et de leur existence !On prie souvent pour les malades\u2026 Prie-t-on suffisamment pour ceux qui prennent soin d\u2019eux ? \u00bb<\/p>\n\n\n\n<p>Dans notre paroisse, lors de la messe du 9 f\u00e9vrier, les acteurs de la sant\u00e9 tiendront une place particuli\u00e8re. M\u00e9decins, infirmiers, aides-soignants, kin\u00e9, aidants\u2026 merci de vous faire connaitre aupr\u00e8s de Daniel Terlinden ou au secr\u00e9tariat paroissial.<\/p>\n\n\n\n<p>Pour en savoir plus sur le dimanche de la sant\u00e9, visiter ce site : <strong><a href=\"https:\/\/eglise.catholique.fr\/sengager-dans-la-societe\/sante\/370986-quest-ce-que-le-dimanche-de-la-sante-et-la-journee-mondiale-des-malades\/\" target=\"_blank\" rel=\"noreferrer noopener\">Dimanche de la sant\u00e9<\/a><\/strong><\/p>\n\n\n\n<p><\/p>\n\n\n\n<h2 class=\"wp-block-heading\">Le sacrement des malades<\/h2>\n\n\n\n<p>Le Sacrement des Malades est le Sacrement pour le temps de la Maladie\u2026 Recevoir le Sacrement des Malades est un geste de foi et d\u2019esp\u00e9rance. C\u2019est demander \u00e0 Dieu la force dans l\u2019\u00e9preuve et le soutien dont on a besoin\u2026<\/p>\n\n\n\n<p>Pour lire la note pr\u00e9par\u00e9e par le Service Evang\u00e9lique des Malades : <strong><a href=\"https:\/\/paroissesaintmartindacheres.fr\/wp-content\/uploads\/2025\/02\/Note-sur-le-sacrement-des-malades.pdf\">Le sacrement d&rsquo;onction des malades <\/a><\/strong><\/p>\n\n\n\n<p>Pour en savoir plus sur le sacrement des malades : <strong><a href=\"https:\/\/eglise.catholique.fr\/approfondir-sa-foi\/la-celebration-de-la-foi\/les-sacrements\/le-sacrement-des-malades\/\" target=\"_blank\" rel=\"noreferrer noopener\">L\u2019onction des malades<\/a><\/strong><\/p>\n\n\n\n<p>Si vous-m\u00eames ou une personne de votre entourage souhaite recevoir ce sacrement, nous vous proposons un temps pour s\u2019y pr\u00e9parer. Une <strong>rencontre est pr\u00e9vue le jeudi 6 f\u00e9vrier \u00e0 15h30 au presbyt\u00e8re.<\/strong> Pour les personnes qui ne peuvent pas se d\u00e9placer, l\u2019\u00e9quipe du Service Evang\u00e9lique des Malades se rendra \u00e0 leur domicile.<\/p>\n\n\n\n<p><strong>Contacter la paroisse : 01 39 11 10 24<\/strong><\/p>\n","protected":false},"excerpt":{"rendered":"<p>Le dimanche de la sant\u00e9 \u00ab Le dimanche de la sant\u00e9 pourrait \u00eatre l\u2019occasion d\u2019envoyer les acteurs de la sant\u00e9 en mission, de les r\u00e9unir autour de l\u2019autel pour le [&hellip;]<\/p>\n","protected":false},"author":8,"featured_media":10307,"comment_status":"open","ping_status":"open","sticky":false,"template":"","format":"standard","meta":{"footnotes":""},"categories":[8],"tags":[],"class_list":["post-9473","post","type-post","status-publish","format-standard","has-post-thumbnail","hentry","category-actualites","entry","has-media"],"_links":{"self":[{"href":"https:\/\/paroissesaintmartindacheres.fr\/index.php\/wp-json\/wp\/v2\/posts\/9473","targetHints":{"allow":["GET"]}}],"collection":[{"href":"https:\/\/paroissesaintmartindacheres.fr\/index.php\/wp-json\/wp\/v2\/posts"}],"about":[{"href":"https:\/\/paroissesaintmartindacheres.fr\/index.php\/wp-json\/wp\/v2\/types\/post"}],"author":[{"embeddable":true,"href":"https:\/\/paroissesaintmartindacheres.fr\/index.php\/wp-json\/wp\/v2\/users\/8"}],"replies":[{"embeddable":true,"href":"https:\/\/paroissesaintmartindacheres.fr\/index.php\/wp-json\/wp\/v2\/comments?post=9473"}],"version-history":[{"count":2,"href":"https:\/\/paroissesaintmartindacheres.fr\/index.php\/wp-json\/wp\/v2\/posts\/9473\/revisions"}],"predecessor-version":[{"id":9476,"href":"https:\/\/paroissesaintmartindacheres.fr\/index.php\/wp-json\/wp\/v2\/posts\/9473\/revisions\/9476"}],"wp:featuredmedia":[{"embeddable":true,"href":"https:\/\/paroissesaintmartindacheres.fr\/index.php\/wp-json\/wp\/v2\/media\/10307"}],"wp:attachment":[{"href":"https:\/\/paroissesaintmartindacheres.fr\/index.php\/wp-json\/wp\/v2\/media?parent=9473"}],"wp:term":[{"taxonomy":"category","embeddable":true,"href":"https:\/\/paroissesaintmartindacheres.fr\/index.php\/wp-json\/wp\/v2\/categories?post=9473"},{"taxonomy":"post_tag","embeddable":true,"href":"https:\/\/paroissesaintmartindacheres.fr\/index.php\/wp-json\/wp\/v2\/tags?post=9473"}],"curies":[{"name":"wp","href":"https:\/\/api.w.org\/{rel}","templated":true}]}}