{"id":9468,"date":"2025-02-04T15:07:52","date_gmt":"2025-02-04T14:07:52","guid":{"rendered":"http:\/\/paroissesaintmartindacheres.fr\/?p=9468"},"modified":"2025-03-02T18:59:45","modified_gmt":"2025-03-02T17:59:45","slug":"bilan-de-la-collecte-de-produits-realisee-durant-le-temps-de-lavent","status":"publish","type":"post","link":"https:\/\/paroissesaintmartindacheres.fr\/index.php\/2025\/02\/04\/bilan-de-la-collecte-de-produits-realisee-durant-le-temps-de-lavent\/","title":{"rendered":"Bilan de la collecte de produits r\u00e9alis\u00e9e durant le temps de l\u2019Avent"},"content":{"rendered":"\n<p>L\u2019op\u00e9ration de collecte de produits d\u2019hygiene au profit des personnes en situation de pr\u00e9carit\u00e9 a \u00e9t\u00e9 initi\u00e9e par l\u2019\u00e9quipe projet r\u00e9ouverture de l\u2019antenne du Secours Catholique.<\/p>\n\n\n\n<p>Dans le bac pr\u00e9vu pour la collecte, 113 produits ont \u00e9t\u00e9 r\u00e9colt\u00e9s dont des brosses \u00e0 dents, des couches pour b\u00e9b\u00e9, des savons, des champoings etc. Ces produits ont \u00e9t\u00e9 remis \u00e0 l\u2019\u00e9picerie solidaire ELLSA. Cette op\u00e9ration sera renouvel\u00e9e durant le temps de car\u00eame.<\/p>\n\n\n\n<p>l\u2019\u00e9quipe projet r\u00e9ouverture de l\u2019antenne du Secours Catholique adresse ses remerciements \u00e0 tous les donateurs.<\/p>\n","protected":false},"excerpt":{"rendered":"<p>L\u2019op\u00e9ration de collecte de produits d\u2019hygiene au profit des personnes en situation de pr\u00e9carit\u00e9 a \u00e9t\u00e9 initi\u00e9e par l\u2019\u00e9quipe projet r\u00e9ouverture de l\u2019antenne du Secours Catholique. Dans le bac pr\u00e9vu [&hellip;]<\/p>\n","protected":false},"author":8,"featured_media":10309,"comment_status":"open","ping_status":"open","sticky":false,"template":"","format":"standard","meta":{"footnotes":""},"categories":[8],"tags":[],"class_list":["post-9468","post","type-post","status-publish","format-standard","has-post-thumbnail","hentry","category-actualites","entry","has-media"],"_links":{"self":[{"href":"https:\/\/paroissesaintmartindacheres.fr\/index.php\/wp-json\/wp\/v2\/posts\/9468","targetHints":{"allow":["GET"]}}],"collection":[{"href":"https:\/\/paroissesaintmartindacheres.fr\/index.php\/wp-json\/wp\/v2\/posts"}],"about":[{"href":"https:\/\/paroissesaintmartindacheres.fr\/index.php\/wp-json\/wp\/v2\/types\/post"}],"author":[{"embeddable":true,"href":"https:\/\/paroissesaintmartindacheres.fr\/index.php\/wp-json\/wp\/v2\/users\/8"}],"replies":[{"embeddable":true,"href":"https:\/\/paroissesaintmartindacheres.fr\/index.php\/wp-json\/wp\/v2\/comments?post=9468"}],"version-history":[{"count":1,"href":"https:\/\/paroissesaintmartindacheres.fr\/index.php\/wp-json\/wp\/v2\/posts\/9468\/revisions"}],"predecessor-version":[{"id":9469,"href":"https:\/\/paroissesaintmartindacheres.fr\/index.php\/wp-json\/wp\/v2\/posts\/9468\/revisions\/9469"}],"wp:featuredmedia":[{"embeddable":true,"href":"https:\/\/paroissesaintmartindacheres.fr\/index.php\/wp-json\/wp\/v2\/media\/10309"}],"wp:attachment":[{"href":"https:\/\/paroissesaintmartindacheres.fr\/index.php\/wp-json\/wp\/v2\/media?parent=9468"}],"wp:term":[{"taxonomy":"category","embeddable":true,"href":"https:\/\/paroissesaintmartindacheres.fr\/index.php\/wp-json\/wp\/v2\/categories?post=9468"},{"taxonomy":"post_tag","embeddable":true,"href":"https:\/\/paroissesaintmartindacheres.fr\/index.php\/wp-json\/wp\/v2\/tags?post=9468"}],"curies":[{"name":"wp","href":"https:\/\/api.w.org\/{rel}","templated":true}]}}