{"id":9464,"date":"2025-02-04T14:58:26","date_gmt":"2025-02-04T13:58:26","guid":{"rendered":"http:\/\/paroissesaintmartindacheres.fr\/?p=9464"},"modified":"2025-03-02T19:00:48","modified_gmt":"2025-03-02T18:00:48","slug":"inscription-au-pelerinage-diocesain-a-lourdes","status":"publish","type":"post","link":"https:\/\/paroissesaintmartindacheres.fr\/index.php\/2025\/02\/04\/inscription-au-pelerinage-diocesain-a-lourdes\/","title":{"rendered":"Inscription au p\u00e8lerinage dioc\u00e9sain \u00e0 Lourdes"},"content":{"rendered":"\n<p>L\u2019\u00e9dition 2025 du p\u00e8lerinage du dioc\u00e8se des Yvelines \u00e0 Lourdes se tiendra du 21 au 26 avril 2025. Tous les fid\u00e8les de toutes les paroisses y sont invit\u00e9s.<\/p>\n\n\n\n<p>Les inscriptions sont d\u00e9sormais ouvertes, elles se font sur le site du dioc\u00e8se. Aller sur le lien suivant : <strong><a href=\"https:\/\/www.catholique78.fr\/services\/pelerinage\/lourdes\/\" target=\"_blank\" rel=\"noreferrer noopener\">Inscriptions et informations sur le p\u00e8lerinage \u00e0 Lourdes<\/a><\/strong><\/p>\n\n\n\n<p><\/p>\n","protected":false},"excerpt":{"rendered":"<p>L\u2019\u00e9dition 2025 du p\u00e8lerinage du dioc\u00e8se des Yvelines \u00e0 Lourdes se tiendra du 21 au 26 avril 2025. Tous les fid\u00e8les de toutes les paroisses y sont invit\u00e9s. Les inscriptions [&hellip;]<\/p>\n","protected":false},"author":8,"featured_media":10310,"comment_status":"open","ping_status":"open","sticky":false,"template":"","format":"standard","meta":{"footnotes":""},"categories":[8],"tags":[],"class_list":["post-9464","post","type-post","status-publish","format-standard","has-post-thumbnail","hentry","category-actualites","entry","has-media"],"_links":{"self":[{"href":"https:\/\/paroissesaintmartindacheres.fr\/index.php\/wp-json\/wp\/v2\/posts\/9464","targetHints":{"allow":["GET"]}}],"collection":[{"href":"https:\/\/paroissesaintmartindacheres.fr\/index.php\/wp-json\/wp\/v2\/posts"}],"about":[{"href":"https:\/\/paroissesaintmartindacheres.fr\/index.php\/wp-json\/wp\/v2\/types\/post"}],"author":[{"embeddable":true,"href":"https:\/\/paroissesaintmartindacheres.fr\/index.php\/wp-json\/wp\/v2\/users\/8"}],"replies":[{"embeddable":true,"href":"https:\/\/paroissesaintmartindacheres.fr\/index.php\/wp-json\/wp\/v2\/comments?post=9464"}],"version-history":[{"count":1,"href":"https:\/\/paroissesaintmartindacheres.fr\/index.php\/wp-json\/wp\/v2\/posts\/9464\/revisions"}],"predecessor-version":[{"id":9465,"href":"https:\/\/paroissesaintmartindacheres.fr\/index.php\/wp-json\/wp\/v2\/posts\/9464\/revisions\/9465"}],"wp:featuredmedia":[{"embeddable":true,"href":"https:\/\/paroissesaintmartindacheres.fr\/index.php\/wp-json\/wp\/v2\/media\/10310"}],"wp:attachment":[{"href":"https:\/\/paroissesaintmartindacheres.fr\/index.php\/wp-json\/wp\/v2\/media?parent=9464"}],"wp:term":[{"taxonomy":"category","embeddable":true,"href":"https:\/\/paroissesaintmartindacheres.fr\/index.php\/wp-json\/wp\/v2\/categories?post=9464"},{"taxonomy":"post_tag","embeddable":true,"href":"https:\/\/paroissesaintmartindacheres.fr\/index.php\/wp-json\/wp\/v2\/tags?post=9464"}],"curies":[{"name":"wp","href":"https:\/\/api.w.org\/{rel}","templated":true}]}}