{"id":314472,"date":"2026-08-29T18:41:32","date_gmt":"2026-08-29T16:41:32","guid":{"rendered":"https:\/\/paroissesaintmartindacheres.fr\/?p=314472"},"modified":"2026-08-29T18:48:28","modified_gmt":"2026-08-29T16:48:28","slug":"inscriptions-au-catechisme-2","status":"publish","type":"post","link":"https:\/\/paroissesaintmartindacheres.fr\/index.php\/2026\/08\/29\/inscriptions-au-catechisme-2\/","title":{"rendered":"Inscriptions au cat\u00e9chisme : \u00e9veil \u00e0 la foi, cat\u00e9chisme, aum\u00f4nerie, cat\u00e9chum\u00e9nat"},"content":{"rendered":"\n<p><mark style=\"background-color:rgba(0, 0, 0, 0)\" class=\"has-inline-color has-vivid-cyan-blue-color\">Le <strong>samedi 19 septembre 2026<\/strong><\/mark>, les inscriptions auront lieu pendant la journ\u00e9e portes ouvertes, au <strong>centre Jean XXIII, de 10h \u00e0 16h<\/strong>, pour :<\/p>\n\n\n\n<ul class=\"wp-block-list\">\n<li>l\u2019\u00e9veil \u00e0 la foi<\/li>\n\n\n\n<li>le cat\u00e9chisme<\/li>\n\n\n\n<li>l&rsquo;aum\u00f4nerie<\/li>\n\n\n\n<li>le cat\u00e9chum\u00e9nat des adultes<\/li>\n<\/ul>\n\n\n\n<p>Pour les jeunes de l\u2019aum\u00f4nerie, les inscriptions sont \u00e9galement possibles <strong>au forum des associations (au complexe sportif George Bourgoin), le <mark style=\"background-color:rgba(0, 0, 0, 0)\" class=\"has-inline-color has-vivid-cyan-blue-color\">samedi 5 septembre de 10h \u00e0 18h<\/mark>.<\/strong><\/p>\n\n\n\n<p>Notons qu&rsquo;en dehors de ces dates les inscriptions restent ouvertes \u00e0 tous pendant toute l&rsquo;ann\u00e9e.<\/p>\n\n\n\n<p>Pour s&rsquo;inscrire en cours d&rsquo;ann\u00e9e, il faut se pr\u00e9senter \u00e0 l&rsquo;accueil du secr\u00e9tariat de la paroisse aux heures d&rsquo;ouvertures (mercredi et samedi de 9h30 \u00e0 11h30).<\/p>\n\n\n\n<p><\/p>\n","protected":false},"excerpt":{"rendered":"<p>Le samedi 19 septembre 2026, les inscriptions auront lieu pendant la journ\u00e9e portes ouvertes, au centre Jean XXIII, de 10h \u00e0 16h, pour : Pour les jeunes de l\u2019aum\u00f4nerie, les [&hellip;]<\/p>\n","protected":false},"author":8,"featured_media":314475,"comment_status":"closed","ping_status":"closed","sticky":false,"template":"","format":"standard","meta":{"footnotes":""},"categories":[8],"tags":[14],"class_list":["post-314472","post","type-post","status-publish","format-standard","has-post-thumbnail","hentry","category-actualites","tag-a-la-une","entry","has-media"],"_links":{"self":[{"href":"https:\/\/paroissesaintmartindacheres.fr\/index.php\/wp-json\/wp\/v2\/posts\/314472","targetHints":{"allow":["GET"]}}],"collection":[{"href":"https:\/\/paroissesaintmartindacheres.fr\/index.php\/wp-json\/wp\/v2\/posts"}],"about":[{"href":"https:\/\/paroissesaintmartindacheres.fr\/index.php\/wp-json\/wp\/v2\/types\/post"}],"author":[{"embeddable":true,"href":"https:\/\/paroissesaintmartindacheres.fr\/index.php\/wp-json\/wp\/v2\/users\/8"}],"replies":[{"embeddable":true,"href":"https:\/\/paroissesaintmartindacheres.fr\/index.php\/wp-json\/wp\/v2\/comments?post=314472"}],"version-history":[{"count":3,"href":"https:\/\/paroissesaintmartindacheres.fr\/index.php\/wp-json\/wp\/v2\/posts\/314472\/revisions"}],"predecessor-version":[{"id":314501,"href":"https:\/\/paroissesaintmartindacheres.fr\/index.php\/wp-json\/wp\/v2\/posts\/314472\/revisions\/314501"}],"wp:featuredmedia":[{"embeddable":true,"href":"https:\/\/paroissesaintmartindacheres.fr\/index.php\/wp-json\/wp\/v2\/media\/314475"}],"wp:attachment":[{"href":"https:\/\/paroissesaintmartindacheres.fr\/index.php\/wp-json\/wp\/v2\/media?parent=314472"}],"wp:term":[{"taxonomy":"category","embeddable":true,"href":"https:\/\/paroissesaintmartindacheres.fr\/index.php\/wp-json\/wp\/v2\/categories?post=314472"},{"taxonomy":"post_tag","embeddable":true,"href":"https:\/\/paroissesaintmartindacheres.fr\/index.php\/wp-json\/wp\/v2\/tags?post=314472"}],"curies":[{"name":"wp","href":"https:\/\/api.w.org\/{rel}","templated":true}]}}