{"id":269500,"date":"2026-04-28T16:38:15","date_gmt":"2026-04-28T14:38:15","guid":{"rendered":"https:\/\/paroissesaintmartindacheres.fr\/?p=269500"},"modified":"2026-04-28T17:36:21","modified_gmt":"2026-04-28T15:36:21","slug":"retour-en-image-sur-les-celebrations-de-paques-2026","status":"publish","type":"post","link":"https:\/\/paroissesaintmartindacheres.fr\/index.php\/2026\/04\/28\/retour-en-image-sur-les-celebrations-de-paques-2026\/","title":{"rendered":"Retour en image sur les c\u00e9l\u00e9brations de P\u00e2ques 2026"},"content":{"rendered":"\n<h2 class=\"wp-block-heading\">Dimanche des rameaux<\/h2>\n\n\n\n<div class=\"wp-block-columns is-layout-flex wp-container-core-columns-is-layout-9d6595d7 wp-block-columns-is-layout-flex\">\n<div class=\"wp-block-column is-layout-flow wp-block-column-is-layout-flow\" style=\"flex-basis:66.66%\"><div class=\"wp-block-image\">\n<figure class=\"aligncenter size-full\"><img fetchpriority=\"high\" decoding=\"async\" width=\"400\" height=\"324\" src=\"https:\/\/paroissesaintmartindacheres.fr\/wp-content\/uploads\/2026\/04\/Dimanche-des-rameaux-2026-P.webp\" alt=\"\" class=\"wp-image-269505\" srcset=\"https:\/\/paroissesaintmartindacheres.fr\/wp-content\/uploads\/2026\/04\/Dimanche-des-rameaux-2026-P.webp 400w, https:\/\/paroissesaintmartindacheres.fr\/wp-content\/uploads\/2026\/04\/Dimanche-des-rameaux-2026-P-300x243.webp 300w\" sizes=\"(max-width: 400px) 100vw, 400px\" \/><\/figure>\n<\/div><\/div>\n\n\n\n<div class=\"wp-block-column is-layout-flow wp-block-column-is-layout-flow\" style=\"flex-basis:33.33%\">\n<p><\/p>\n\n\n\n<p>La messe du dimanche des rameaux a marqu\u00e9 le d\u00e9but des c\u00e9l\u00e9brations de la semaine Sainte. Comme chaque ann\u00e9e, elle a rassembl\u00e9 un grand nombre de fid\u00e8les pour la procession au centre Saint Jean XXIII.<\/p>\n\n\n\n<p><\/p>\n<\/div>\n<\/div>\n\n\n\n<div style=\"height:40px\" aria-hidden=\"true\" class=\"wp-block-spacer\"><\/div>\n\n\n\n<h2 class=\"wp-block-heading\">Triduum pascal<\/h2>\n\n\n\n<div class=\"wp-block-columns is-layout-flex wp-container-core-columns-is-layout-9d6595d7 wp-block-columns-is-layout-flex\">\n<div class=\"wp-block-column is-layout-flow wp-block-column-is-layout-flow\">\n<p>Nuit d&rsquo;adoration de notre Seigneur J\u00e9sus, du jeudi soir au vendredi matin<\/p>\n<\/div>\n\n\n\n<div class=\"wp-block-column is-layout-flow wp-block-column-is-layout-flow\">\n<p>V\u00e9n\u00e9ration de la Sainte Croix apr\u00e8s le chemin de croix du vendredi Saint<\/p>\n<\/div>\n<\/div>\n\n\n\n<div class=\"wp-block-columns is-layout-flex wp-container-core-columns-is-layout-9d6595d7 wp-block-columns-is-layout-flex\">\n<div class=\"wp-block-column is-layout-flow wp-block-column-is-layout-flow\">\n<figure class=\"wp-block-image size-full\"><img decoding=\"async\" width=\"400\" height=\"337\" src=\"https:\/\/paroissesaintmartindacheres.fr\/wp-content\/uploads\/2026\/04\/La-nuit-dadoration-P.webp\" alt=\"\" class=\"wp-image-269517\" srcset=\"https:\/\/paroissesaintmartindacheres.fr\/wp-content\/uploads\/2026\/04\/La-nuit-dadoration-P.webp 400w, https:\/\/paroissesaintmartindacheres.fr\/wp-content\/uploads\/2026\/04\/La-nuit-dadoration-P-300x253.webp 300w\" sizes=\"(max-width: 400px) 100vw, 400px\" \/><\/figure>\n<\/div>\n\n\n\n<div class=\"wp-block-column is-layout-flow wp-block-column-is-layout-flow\">\n<figure class=\"wp-block-image size-full\"><img decoding=\"async\" width=\"400\" height=\"382\" src=\"https:\/\/paroissesaintmartindacheres.fr\/wp-content\/uploads\/2026\/04\/Veneration-de-la-Croix-P.webp\" alt=\"\" class=\"wp-image-269518\" srcset=\"https:\/\/paroissesaintmartindacheres.fr\/wp-content\/uploads\/2026\/04\/Veneration-de-la-Croix-P.webp 400w, https:\/\/paroissesaintmartindacheres.fr\/wp-content\/uploads\/2026\/04\/Veneration-de-la-Croix-P-300x287.webp 300w\" sizes=\"(max-width: 400px) 100vw, 400px\" \/><\/figure>\n<\/div>\n<\/div>\n\n\n\n<div style=\"height:40px\" aria-hidden=\"true\" class=\"wp-block-spacer\"><\/div>\n\n\n\n<h2 class=\"wp-block-heading\">Vigile pascale<\/h2>\n\n\n\n<p>Au cours de la vigile pascale nous avons eu la grande joie d&rsquo;accueillir 12 jeunes et adultes de notre paroisse qui ont re\u00e7u les sacrement du bapt\u00eame, de l&rsquo;eucharistie et de la confirmation.<\/p>\n\n\n\n<div class=\"wp-block-columns is-layout-flex wp-container-core-columns-is-layout-9d6595d7 wp-block-columns-is-layout-flex\">\n<div class=\"wp-block-column is-layout-flow wp-block-column-is-layout-flow\">\n<figure class=\"wp-block-image size-full\"><img loading=\"lazy\" decoding=\"async\" width=\"400\" height=\"421\" src=\"https:\/\/paroissesaintmartindacheres.fr\/wp-content\/uploads\/2026\/04\/Vigile-pascale-5-2026-P.webp\" alt=\"\" class=\"wp-image-269523\" srcset=\"https:\/\/paroissesaintmartindacheres.fr\/wp-content\/uploads\/2026\/04\/Vigile-pascale-5-2026-P.webp 400w, https:\/\/paroissesaintmartindacheres.fr\/wp-content\/uploads\/2026\/04\/Vigile-pascale-5-2026-P-285x300.webp 285w\" sizes=\"(max-width: 400px) 100vw, 400px\" \/><\/figure>\n<\/div>\n\n\n\n<div class=\"wp-block-column is-layout-flow wp-block-column-is-layout-flow\">\n<figure class=\"wp-block-image size-full\"><img loading=\"lazy\" decoding=\"async\" width=\"400\" height=\"771\" src=\"https:\/\/paroissesaintmartindacheres.fr\/wp-content\/uploads\/2026\/04\/Vigile-pascale-4-2026.webp\" alt=\"\" class=\"wp-image-269524\" srcset=\"https:\/\/paroissesaintmartindacheres.fr\/wp-content\/uploads\/2026\/04\/Vigile-pascale-4-2026.webp 400w, https:\/\/paroissesaintmartindacheres.fr\/wp-content\/uploads\/2026\/04\/Vigile-pascale-4-2026-156x300.webp 156w\" sizes=\"(max-width: 400px) 100vw, 400px\" \/><\/figure>\n<\/div>\n\n\n\n<div class=\"wp-block-column is-layout-flow wp-block-column-is-layout-flow\">\n<figure class=\"wp-block-image size-full\"><img loading=\"lazy\" decoding=\"async\" width=\"400\" height=\"640\" src=\"https:\/\/paroissesaintmartindacheres.fr\/wp-content\/uploads\/2026\/04\/Vigile-pascale-2026-P.webp\" alt=\"\" class=\"wp-image-269526\" srcset=\"https:\/\/paroissesaintmartindacheres.fr\/wp-content\/uploads\/2026\/04\/Vigile-pascale-2026-P.webp 400w, https:\/\/paroissesaintmartindacheres.fr\/wp-content\/uploads\/2026\/04\/Vigile-pascale-2026-P-188x300.webp 188w\" sizes=\"(max-width: 400px) 100vw, 400px\" \/><\/figure>\n<\/div>\n<\/div>\n\n\n\n<div class=\"wp-block-columns is-layout-flex wp-container-core-columns-is-layout-9d6595d7 wp-block-columns-is-layout-flex\">\n<div class=\"wp-block-column is-layout-flow wp-block-column-is-layout-flow\">\n<figure class=\"wp-block-image size-full\"><img loading=\"lazy\" decoding=\"async\" width=\"400\" height=\"488\" src=\"https:\/\/paroissesaintmartindacheres.fr\/wp-content\/uploads\/2026\/04\/Vigile-pascale-3-2026.webp\" alt=\"\" class=\"wp-image-269527\" srcset=\"https:\/\/paroissesaintmartindacheres.fr\/wp-content\/uploads\/2026\/04\/Vigile-pascale-3-2026.webp 400w, https:\/\/paroissesaintmartindacheres.fr\/wp-content\/uploads\/2026\/04\/Vigile-pascale-3-2026-246x300.webp 246w\" sizes=\"(max-width: 400px) 100vw, 400px\" \/><\/figure>\n<\/div>\n\n\n\n<div class=\"wp-block-column is-layout-flow wp-block-column-is-layout-flow\">\n<figure class=\"wp-block-image size-full\"><img loading=\"lazy\" decoding=\"async\" width=\"400\" height=\"375\" src=\"https:\/\/paroissesaintmartindacheres.fr\/wp-content\/uploads\/2026\/04\/Ceremonie-de-la-lumiere-P.webp\" alt=\"\" class=\"wp-image-269528\" srcset=\"https:\/\/paroissesaintmartindacheres.fr\/wp-content\/uploads\/2026\/04\/Ceremonie-de-la-lumiere-P.webp 400w, https:\/\/paroissesaintmartindacheres.fr\/wp-content\/uploads\/2026\/04\/Ceremonie-de-la-lumiere-P-300x281.webp 300w\" sizes=\"(max-width: 400px) 100vw, 400px\" \/><\/figure>\n<\/div>\n<\/div>\n\n\n\n<div style=\"height:40px\" aria-hidden=\"true\" class=\"wp-block-spacer\"><\/div>\n\n\n\n<h2 class=\"wp-block-heading\">Dimanche et lundi de P\u00e2ques<\/h2>\n\n\n\n<div class=\"wp-block-columns is-layout-flex wp-container-core-columns-is-layout-9d6595d7 wp-block-columns-is-layout-flex\">\n<div class=\"wp-block-column is-layout-flow wp-block-column-is-layout-flow\">\n<p>Messe du dimanche de P\u00e2ques au centre Saint Jean XXIII<\/p>\n\n\n\n<figure class=\"wp-block-image size-full\"><img loading=\"lazy\" decoding=\"async\" width=\"400\" height=\"281\" src=\"https:\/\/paroissesaintmartindacheres.fr\/wp-content\/uploads\/2026\/04\/Dimanche-de-Paques-P.webp\" alt=\"\" class=\"wp-image-269530\" srcset=\"https:\/\/paroissesaintmartindacheres.fr\/wp-content\/uploads\/2026\/04\/Dimanche-de-Paques-P.webp 400w, https:\/\/paroissesaintmartindacheres.fr\/wp-content\/uploads\/2026\/04\/Dimanche-de-Paques-P-300x211.webp 300w\" sizes=\"(max-width: 400px) 100vw, 400px\" \/><\/figure>\n<\/div>\n\n\n\n<div class=\"wp-block-column is-layout-flow wp-block-column-is-layout-flow\">\n<p>Messe du lundi de P\u00e2ques \u00e0 l&rsquo;\u00e9glise Saint Martin<\/p>\n\n\n\n<figure class=\"wp-block-image size-full\"><img loading=\"lazy\" decoding=\"async\" width=\"400\" height=\"328\" src=\"https:\/\/paroissesaintmartindacheres.fr\/wp-content\/uploads\/2026\/04\/Lundi-de-Paques-2026-P.webp\" alt=\"\" class=\"wp-image-269531\" srcset=\"https:\/\/paroissesaintmartindacheres.fr\/wp-content\/uploads\/2026\/04\/Lundi-de-Paques-2026-P.webp 400w, https:\/\/paroissesaintmartindacheres.fr\/wp-content\/uploads\/2026\/04\/Lundi-de-Paques-2026-P-300x246.webp 300w\" sizes=\"(max-width: 400px) 100vw, 400px\" \/><\/figure>\n<\/div>\n<\/div>\n","protected":false},"excerpt":{"rendered":"<p>Dimanche des rameaux La messe du dimanche des rameaux a marqu\u00e9 le d\u00e9but des c\u00e9l\u00e9brations de la semaine Sainte. Comme chaque ann\u00e9e, elle a rassembl\u00e9 un grand nombre de fid\u00e8les [&hellip;]<\/p>\n","protected":false},"author":8,"featured_media":10337,"comment_status":"closed","ping_status":"closed","sticky":false,"template":"","format":"standard","meta":{"footnotes":""},"categories":[8],"tags":[14],"class_list":["post-269500","post","type-post","status-publish","format-standard","has-post-thumbnail","hentry","category-actualites","tag-a-la-une","entry","has-media"],"_links":{"self":[{"href":"https:\/\/paroissesaintmartindacheres.fr\/index.php\/wp-json\/wp\/v2\/posts\/269500","targetHints":{"allow":["GET"]}}],"collection":[{"href":"https:\/\/paroissesaintmartindacheres.fr\/index.php\/wp-json\/wp\/v2\/posts"}],"about":[{"href":"https:\/\/paroissesaintmartindacheres.fr\/index.php\/wp-json\/wp\/v2\/types\/post"}],"author":[{"embeddable":true,"href":"https:\/\/paroissesaintmartindacheres.fr\/index.php\/wp-json\/wp\/v2\/users\/8"}],"replies":[{"embeddable":true,"href":"https:\/\/paroissesaintmartindacheres.fr\/index.php\/wp-json\/wp\/v2\/comments?post=269500"}],"version-history":[{"count":3,"href":"https:\/\/paroissesaintmartindacheres.fr\/index.php\/wp-json\/wp\/v2\/posts\/269500\/revisions"}],"predecessor-version":[{"id":269546,"href":"https:\/\/paroissesaintmartindacheres.fr\/index.php\/wp-json\/wp\/v2\/posts\/269500\/revisions\/269546"}],"wp:featuredmedia":[{"embeddable":true,"href":"https:\/\/paroissesaintmartindacheres.fr\/index.php\/wp-json\/wp\/v2\/media\/10337"}],"wp:attachment":[{"href":"https:\/\/paroissesaintmartindacheres.fr\/index.php\/wp-json\/wp\/v2\/media?parent=269500"}],"wp:term":[{"taxonomy":"category","embeddable":true,"href":"https:\/\/paroissesaintmartindacheres.fr\/index.php\/wp-json\/wp\/v2\/categories?post=269500"},{"taxonomy":"post_tag","embeddable":true,"href":"https:\/\/paroissesaintmartindacheres.fr\/index.php\/wp-json\/wp\/v2\/tags?post=269500"}],"curies":[{"name":"wp","href":"https:\/\/api.w.org\/{rel}","templated":true}]}}