{"id":203413,"date":"2025-11-15T18:09:00","date_gmt":"2025-11-15T17:09:00","guid":{"rendered":"https:\/\/paroissesaintmartindacheres.fr\/?p=203413"},"modified":"2026-01-17T17:42:57","modified_gmt":"2026-01-17T16:42:57","slug":"reouverture-de-lantenne-locale-du-secours-catholique-dacheres","status":"publish","type":"post","link":"https:\/\/paroissesaintmartindacheres.fr\/index.php\/2025\/11\/15\/reouverture-de-lantenne-locale-du-secours-catholique-dacheres\/","title":{"rendered":"R\u00e9ouverture de l\u2019antenne locale du Secours Catholique d\u2019Ach\u00e8res"},"content":{"rendered":"\n<p>Apr\u00e8s pr\u00e8s de 8 ann\u00e9es de fermeture, l\u2019antenne locale du Secours Catholique d\u2019Ach\u00e8res va rouvrir ses portes le samedi 6 d\u00e9cembre, nos locaux sont situ\u00e9s au fond de la cour du Centre Saint Jean XXIII.<\/p>\n\n\n\n<p>Dans un 1<sup>er<\/sup>\u00a0temps, nous organisons des \u00ab\u00a0caf\u00e9-rencontre\u00a0\u00bb <strong>les mercredis apr\u00e8s-midi de 14h \u00e0 16h et les samedis matin de 10 h \u00e0 12h.<\/strong> Quel symbole que cette r\u00e9ouverture de notre antenne du Secours Catholique en p\u00e9riode de l\u2019Avent 2025 dans ces temps de grande pauvret\u00e9, et pas seulement mat\u00e9rielle\u00a0!<\/p>\n\n\n\n<div style=\"height:35px\" aria-hidden=\"true\" class=\"wp-block-spacer\"><\/div>\n\n\n\n<div class=\"wp-block-columns is-layout-flex wp-container-core-columns-is-layout-9d6595d7 wp-block-columns-is-layout-flex\">\n<div class=\"wp-block-column is-layout-flow wp-block-column-is-layout-flow\"><\/div>\n\n\n\n<div class=\"wp-block-column has-pale-cyan-blue-background-color has-background is-layout-flow wp-block-column-is-layout-flow\" style=\"flex-basis:500px\">\n<p class=\"has-text-align-center has-black-color has-text-color has-link-color wp-elements-d67584ee57e71c77e1178d22e1828c26\"><em><strong>Vous \u00eates donc tous invit\u00e9s <\/strong><\/em><\/p>\n\n\n\n<p class=\"has-text-align-center has-vivid-red-color has-text-color has-link-color wp-elements-d7880455891049530c70697a0491aa77\"><em><strong>le samedi 6 d\u00e9cembre 2025 de 10h \u00e0 12h, <\/strong><\/em><\/p>\n\n\n\n<p class=\"has-text-align-center has-black-color has-text-color has-link-color wp-elements-9d748be5e0b5f6405be30c51894b6c24\"><em><strong>au 1er caf\u00e9-rencontre qui aura lieu dans nos locaux <\/strong><\/em><\/p>\n<\/div>\n\n\n\n<div class=\"wp-block-column is-layout-flow wp-block-column-is-layout-flow\"><\/div>\n<\/div>\n\n\n\n<div style=\"height:35px\" aria-hidden=\"true\" class=\"wp-block-spacer\"><\/div>\n\n\n\n<p>N\u2019h\u00e9sitez pas \u00e0 venir nous rencontrer \u00e0 nos permanences, proposer vos talents, faire part de vos besoins, et surtout \u00e0 faire conna\u00eetre notre existence \u00e0 tous les Ach\u00e9rois.<\/p>\n\n\n\n<div style=\"height:41px\" aria-hidden=\"true\" class=\"wp-block-spacer\"><\/div>\n\n\n\n<h2 class=\"wp-block-heading\">Rappel de la mission du Secours Catholique<\/h2>\n\n\n\n<p>Le Secours Catholique est \u00e0 la fois une association reconnue d\u2019utilit\u00e9 publique et un service de l\u2019Eglise catholique. Fond\u00e9e sur l\u2019Evangile, la mission du Secours Catholique est une mission d\u2019amour et d\u2019\u00e9veil \u00e0 la solidarit\u00e9, en France et dans le monde. Le Secours Catholique consid\u00e8re et accueille chaque personne comme un fr\u00e8re ou une s\u0153ur, quelle que soit sa nationalit\u00e9 ou sa religion \u00e9ventuelle.&nbsp;<\/p>\n\n\n\n<p>En France le Secours Catholique c\u2019est 2.400 lieux d\u2019accueils,59 700 b\u00e9n\u00e9voles engag\u00e9s, 1&nbsp;027&nbsp;500 personnes soutenues, 215&nbsp;000 familles accompagn\u00e9es, 1&nbsp;300 enfants qui partent en vacances par an., 3&nbsp;000 personnes accompagn\u00e9es vers l\u2019emploi et 852 dossiers de microcr\u00e9dit en cours. &nbsp;&nbsp;<\/p>\n\n\n\n<div style=\"height:40px\" aria-hidden=\"true\" class=\"wp-block-spacer\"><\/div>\n\n\n\n<h2 class=\"wp-block-heading\">Lancement de la campagne de fin d&rsquo;ann\u00e9e 2025<\/h2>\n\n\n\n<p>Chers paroissiens, le Secours Catholique lance sa Campagne de Fin d\u2019Ann\u00e9e le 16&nbsp;novembre, en lien avec la 9\u1d49 Journ\u00e9e Mondiale des Pauvres, plac\u00e9e sous le th\u00e8me \u00ab&nbsp;C\u2019est toi mon esp\u00e9rance&nbsp;\u00bb.&nbsp;<\/p>\n\n\n\n<p class=\"has-text-color has-link-color wp-elements-41c1744f6c6aa22043974bae26cbf7d6\" style=\"color:#2c46dd\"><strong><em>La qu\u00eate imp\u00e9r\u00e9e du 16&nbsp;novembre sera destin\u00e9e au Secours Catholique d\u2019Ach\u00e8res afin de soutenir ses actions&nbsp;renaissantes.&nbsp;<\/em><\/strong><\/p>\n\n\n\n<p>Nous comptons sur chacune et chacun d\u2019entre vous et nous vous remercions par avance&nbsp;!<\/p>\n\n\n\n<p><\/p>\n","protected":false},"excerpt":{"rendered":"<p>Apr\u00e8s pr\u00e8s de 8 ann\u00e9es de fermeture, l\u2019antenne locale du Secours Catholique d\u2019Ach\u00e8res va rouvrir ses portes le samedi 6 d\u00e9cembre, nos locaux sont situ\u00e9s au fond de la cour [&hellip;]<\/p>\n","protected":false},"author":8,"featured_media":203494,"comment_status":"closed","ping_status":"closed","sticky":false,"template":"","format":"standard","meta":{"footnotes":""},"categories":[8],"tags":[],"class_list":["post-203413","post","type-post","status-publish","format-standard","has-post-thumbnail","hentry","category-actualites","entry","has-media"],"_links":{"self":[{"href":"https:\/\/paroissesaintmartindacheres.fr\/index.php\/wp-json\/wp\/v2\/posts\/203413","targetHints":{"allow":["GET"]}}],"collection":[{"href":"https:\/\/paroissesaintmartindacheres.fr\/index.php\/wp-json\/wp\/v2\/posts"}],"about":[{"href":"https:\/\/paroissesaintmartindacheres.fr\/index.php\/wp-json\/wp\/v2\/types\/post"}],"author":[{"embeddable":true,"href":"https:\/\/paroissesaintmartindacheres.fr\/index.php\/wp-json\/wp\/v2\/users\/8"}],"replies":[{"embeddable":true,"href":"https:\/\/paroissesaintmartindacheres.fr\/index.php\/wp-json\/wp\/v2\/comments?post=203413"}],"version-history":[{"count":4,"href":"https:\/\/paroissesaintmartindacheres.fr\/index.php\/wp-json\/wp\/v2\/posts\/203413\/revisions"}],"predecessor-version":[{"id":210188,"href":"https:\/\/paroissesaintmartindacheres.fr\/index.php\/wp-json\/wp\/v2\/posts\/203413\/revisions\/210188"}],"wp:featuredmedia":[{"embeddable":true,"href":"https:\/\/paroissesaintmartindacheres.fr\/index.php\/wp-json\/wp\/v2\/media\/203494"}],"wp:attachment":[{"href":"https:\/\/paroissesaintmartindacheres.fr\/index.php\/wp-json\/wp\/v2\/media?parent=203413"}],"wp:term":[{"taxonomy":"category","embeddable":true,"href":"https:\/\/paroissesaintmartindacheres.fr\/index.php\/wp-json\/wp\/v2\/categories?post=203413"},{"taxonomy":"post_tag","embeddable":true,"href":"https:\/\/paroissesaintmartindacheres.fr\/index.php\/wp-json\/wp\/v2\/tags?post=203413"}],"curies":[{"name":"wp","href":"https:\/\/api.w.org\/{rel}","templated":true}]}}