{"id":10507,"date":"2025-03-06T23:48:03","date_gmt":"2025-03-06T22:48:03","guid":{"rendered":"http:\/\/paroissesaintmartindacheres.fr\/?p=10507"},"modified":"2025-03-24T13:44:27","modified_gmt":"2025-03-24T12:44:27","slug":"vivre-le-careme-2025","status":"publish","type":"post","link":"https:\/\/paroissesaintmartindacheres.fr\/index.php\/2025\/03\/06\/vivre-le-careme-2025\/","title":{"rendered":"Vivre le car\u00eame 2025 dans notre paroisse"},"content":{"rendered":"\n<p>Le mercredi 5 mars, mercredi des Cendres, nous sommes entr\u00e9s dans le temps de car\u00eame.<\/p>\n\n\n\n<p>Le temps de car\u00eame sera marqu\u00e9 par les activit\u00e9s suivantes :<\/p>\n\n\n\n<h3 class=\"wp-block-heading\">Les chemins de croix<\/h3>\n\n\n\n<p>Un chemin de Croix aura lieu tous les vendredis \u00e0 18h30, \u00e0 l&rsquo;\u00e9glise Saint Martin. Il sera suivi du partage du bol de riz \u00e0 20h au Centre Jean XXIII.<\/p>\n\n\n\n<h3 class=\"wp-block-heading\">Le compagnon de car\u00eame :<\/h3>\n\n\n\n<p>La 3\u00e8me \u00e9dition du compagnon de car\u00eame est disponible et sera distribu\u00e9 \u00e0 l&rsquo;ensemble des paroissiens, c&rsquo;est un livret qui nous accompagnera pendant tout le temps de car\u00eame, on y trouve notamment, des r\u00e9flexions sur le jubil\u00e9, des pri\u00e8res, des t\u00e9moignages ainsi que les trois piliers du car\u00eame (Pri\u00e8re &#8211; Partage &#8211; P\u00e9nitence).<\/p>\n\n\n\n<h3 class=\"wp-block-heading\">Les actions du car\u00eame :<\/h3>\n\n\n\n<p>A l&rsquo;initiative du groupe Projet r\u00e9ouverture du secours catholique d&rsquo;Ach\u00e8res, la collecte de produits d\u2019hygi\u00e8ne au profit de l\u2019association ELLSA reprend pendant ce temps de car\u00eame. Nous pouvons d\u00e9poser nos dons dans les bacs pr\u00e9vu \u00e0 cet effet \u00e0 l&rsquo;\u00e9glise Saint Martin.<br>D&rsquo;autres actions sont encourag\u00e9s \u00e0 la discr\u00e9tion de chacun, aupr\u00e8s des malades, des personnes handicap\u00e9es etc.<\/p>\n\n\n\n<h3 class=\"wp-block-heading\">Le jubil\u00e9 de la r\u00e9conciliation :<\/h3>\n\n\n\n<p>Le jubil\u00e9 de R\u00e9conciliation au niveau du doyenn\u00e9 aura lieu \u00e0 Poissy du 4 au 5 avril. Il s&rsquo;agit d&rsquo;une nuit<br>d\u2019adoration, de confessions, d&rsquo;enseignement et se terminera par une messe \u00e0 la Coll\u00e9giale de Poissy.<\/p>\n\n\n\n<p><\/p>\n\n\n\n<h3 class=\"wp-block-heading\">Horaires des permanences pour les confessions pendant le car\u00eame :<\/h3>\n\n\n\n<ul class=\"wp-block-list\">\n<li>Confession des enfants du cat\u00e9chisme :\n<ul class=\"wp-block-list\">\n<li>Samedi 29\/3\/2025&nbsp; de&nbsp;14H00 \u00e0 15H30 \u00e0 l\u2019\u00e9glise Saint Martin<\/li>\n<\/ul>\n<\/li>\n\n\n\n<li>Confession ouverte \u00e0 tous les paroissiens :\n<ul class=\"wp-block-list\">\n<li>Mercredi 02\/4\/2025 de 20H00 \u00e0 22H00 \u00e0 l\u2019\u00e9glise Saint Martin&nbsp;<\/li>\n\n\n\n<li>Mercredi 09\/4\/2025 de 19H30&nbsp; \u00e0&nbsp;21H30 \u00e0 l\u2019\u00e9glise saint Martin&nbsp;<\/li>\n\n\n\n<li>Jeudi Saint, 17\/4\/2025, pendant la nuit d\u2019adoration \u00e0 l\u2019\u00e9glise saint Martin (arr\u00eat&nbsp;des confession&nbsp;\u00e0 minuit)\u202f&nbsp;<\/li>\n\n\n\n<li>Samedi Saint, 19\/4\/2025, de&nbsp;15H00 \u00e0 16H00 \u00e0 l\u2019\u00e9glise saint Martin<\/li>\n<\/ul>\n<\/li>\n\n\n\n<li>Jubil\u00e9 de la r\u00e9conciliation \u00e0 Poissy\n<ul class=\"wp-block-list\">\n<li>Rappelons que dans le cadre du jubil\u00e9 de la r\u00e9conciliation en doyenn\u00e9, une veill\u00e9e d\u2019adoration avec enseignement et&nbsp;<strong>confessions<\/strong>&nbsp;est&nbsp;pr\u00e9vue le vendredi&nbsp;4 avril, \u00e0 la Coll\u00e9giale de Poissy, de&nbsp;20h30 \u00e0 22h30&nbsp;avec tous les pr\u00eatres du Doyenn\u00e9 de&nbsp;Poissy.&nbsp;<\/li>\n<\/ul>\n<\/li>\n<\/ul>\n\n\n\n<div style=\"height:100px\" aria-hidden=\"true\" class=\"wp-block-spacer\"><\/div>\n\n\n\n<p>Ci-dessous toutes les dates des temps forts du car\u00eame et de P\u00e2ques 2025 :<\/p>\n\n\n\n<div class=\"wp-block-file\"><a id=\"wp-block-file--media-133d738b-ff4e-4170-9cd6-240f2463b245\" href=\"https:\/\/paroissesaintmartindacheres.fr\/wp-content\/uploads\/2025\/03\/Programme-careme-et-paques-1.webp\">Programme-careme-et-paques-1<\/a><a href=\"https:\/\/paroissesaintmartindacheres.fr\/wp-content\/uploads\/2025\/03\/Programme-careme-et-paques-1.webp\" class=\"wp-block-file__button wp-element-button\" download aria-describedby=\"wp-block-file--media-133d738b-ff4e-4170-9cd6-240f2463b245\">T\u00e9l\u00e9charger<\/a><\/div>\n\n\n\n<p><\/p>\n\n\n\n<p><\/p>\n\n\n\n<figure class=\"wp-block-image size-full\"><img fetchpriority=\"high\" decoding=\"async\" width=\"1414\" height=\"2000\" src=\"https:\/\/paroissesaintmartindacheres.fr\/wp-content\/uploads\/2025\/03\/2.png\" alt=\"\" class=\"wp-image-21212\" srcset=\"https:\/\/paroissesaintmartindacheres.fr\/wp-content\/uploads\/2025\/03\/2.png 1414w, https:\/\/paroissesaintmartindacheres.fr\/wp-content\/uploads\/2025\/03\/2-212x300.png 212w, https:\/\/paroissesaintmartindacheres.fr\/wp-content\/uploads\/2025\/03\/2-724x1024.png 724w, https:\/\/paroissesaintmartindacheres.fr\/wp-content\/uploads\/2025\/03\/2-768x1086.png 768w, https:\/\/paroissesaintmartindacheres.fr\/wp-content\/uploads\/2025\/03\/2-1086x1536.png 1086w\" sizes=\"(max-width: 1414px) 100vw, 1414px\" \/><\/figure>\n\n\n\n<p><\/p>\n\n\n\n<p><\/p>\n","protected":false},"excerpt":{"rendered":"<p>Le mercredi 5 mars, mercredi des Cendres, nous sommes entr\u00e9s dans le temps de car\u00eame. Le temps de car\u00eame sera marqu\u00e9 par les activit\u00e9s suivantes : Les chemins de croix [&hellip;]<\/p>\n","protected":false},"author":8,"featured_media":10510,"comment_status":"open","ping_status":"open","sticky":false,"template":"","format":"standard","meta":{"footnotes":""},"categories":[8],"tags":[14],"class_list":["post-10507","post","type-post","status-publish","format-standard","has-post-thumbnail","hentry","category-actualites","tag-a-la-une","entry","has-media"],"_links":{"self":[{"href":"https:\/\/paroissesaintmartindacheres.fr\/index.php\/wp-json\/wp\/v2\/posts\/10507","targetHints":{"allow":["GET"]}}],"collection":[{"href":"https:\/\/paroissesaintmartindacheres.fr\/index.php\/wp-json\/wp\/v2\/posts"}],"about":[{"href":"https:\/\/paroissesaintmartindacheres.fr\/index.php\/wp-json\/wp\/v2\/types\/post"}],"author":[{"embeddable":true,"href":"https:\/\/paroissesaintmartindacheres.fr\/index.php\/wp-json\/wp\/v2\/users\/8"}],"replies":[{"embeddable":true,"href":"https:\/\/paroissesaintmartindacheres.fr\/index.php\/wp-json\/wp\/v2\/comments?post=10507"}],"version-history":[{"count":9,"href":"https:\/\/paroissesaintmartindacheres.fr\/index.php\/wp-json\/wp\/v2\/posts\/10507\/revisions"}],"predecessor-version":[{"id":23055,"href":"https:\/\/paroissesaintmartindacheres.fr\/index.php\/wp-json\/wp\/v2\/posts\/10507\/revisions\/23055"}],"wp:featuredmedia":[{"embeddable":true,"href":"https:\/\/paroissesaintmartindacheres.fr\/index.php\/wp-json\/wp\/v2\/media\/10510"}],"wp:attachment":[{"href":"https:\/\/paroissesaintmartindacheres.fr\/index.php\/wp-json\/wp\/v2\/media?parent=10507"}],"wp:term":[{"taxonomy":"category","embeddable":true,"href":"https:\/\/paroissesaintmartindacheres.fr\/index.php\/wp-json\/wp\/v2\/categories?post=10507"},{"taxonomy":"post_tag","embeddable":true,"href":"https:\/\/paroissesaintmartindacheres.fr\/index.php\/wp-json\/wp\/v2\/tags?post=10507"}],"curies":[{"name":"wp","href":"https:\/\/api.w.org\/{rel}","templated":true}]}}