{"id":245502,"global_id":"paroissesaintmartindacheres.fr?id=245502","global_id_lineage":["paroissesaintmartindacheres.fr?id=245502"],"author":"8","status":"publish","date":"2026-02-11 16:38:06","date_utc":"2026-02-11 15:38:06","modified":"2026-02-21 18:54:36","modified_utc":"2026-02-21 17:54:36","url":"https:\/\/paroissesaintmartindacheres.fr\/index.php\/evenement\/veillee-de-priere-pour-entrer-dans-le-temps-de-careme\/","rest_url":"https:\/\/paroissesaintmartindacheres.fr\/index.php\/wp-json\/tribe\/events\/v1\/events\/245502","title":"Veill\u00e9e de pri\u00e8re pour entrer dans le temps de car\u00eame","description":"<p>Les membres du groupe de la pri\u00e8re des fr\u00e8res sont heureux de vous inviter \u00e0 participer \u00e0 la<br \/>\npremi\u00e8re veill\u00e9e de pri\u00e8re qui aura lieu le :<\/p>\n<p style=\"text-align: center;\"><strong>vendredi 20 f\u00e9vrier 2026 \u00e0 20H au Centre Saint <\/strong><strong>Jean XXIII.<\/strong><\/p>\n<p style=\"text-align: left;\">Le programme de la veill\u00e9e comprendra :<br \/>\n\uf0b7 Des chants de louange<br \/>\n\uf0b7 Des pri\u00e8res d\u2019actions de gr\u00e2ces<br \/>\n\uf0b7 L\u2019adoration du Saint Sacrement<br \/>\n\uf0b7 Des pri\u00e8res individuelles et collectives<br \/>\n\uf0b7 La Pri\u00e8re des Fr\u00e8res<\/p>\n<p>Rappelons que la Pri\u00e8re des Fr\u00e8res est une pri\u00e8re d\u2019intercession d\u2019un bin\u00f4me de l\u2019\u00e9quipe des priants<br \/>\ndu groupe de pri\u00e8re en faveur d\u2019une personne qui sollicite l\u2019aide de Dieu notre P\u00e8re pour sa<br \/>\nsituation personnelle.<\/p>\n<p style=\"text-align: center;\"><strong>Venez nombreux \u00e0 cette veill\u00e9e de pri\u00e8re, en ce temps de car\u00eame, pour louer, invoquer et rendre<\/strong><br \/>\n<strong>gr\u00e2ce ensemble \u00e0 notre Dieu mis\u00e9ricordieux. <\/strong><\/p>","excerpt":"","slug":"veillee-de-priere-pour-entrer-dans-le-temps-de-careme","image":{"url":"https:\/\/paroissesaintmartindacheres.fr\/wp-content\/uploads\/2026\/02\/Veillee-de-priere-des-freres-Fev-2026.webp","id":245528,"extension":"webp","width":500,"height":164,"filesize":4218,"sizes":{"medium":{"width":300,"height":98,"mime-type":"image\/webp","filesize":2082,"url":"https:\/\/paroissesaintmartindacheres.fr\/wp-content\/uploads\/2026\/02\/Veillee-de-priere-des-freres-Fev-2026-300x98.webp"},"thumbnail":{"width":150,"height":150,"mime-type":"image\/webp","filesize":4294,"url":"https:\/\/paroissesaintmartindacheres.fr\/wp-content\/uploads\/2026\/02\/Veillee-de-priere-des-freres-Fev-2026-150x150.webp"},"cmplz_banner_image":{"width":350,"height":100,"mime-type":"image\/webp","filesize":2402,"url":"https:\/\/paroissesaintmartindacheres.fr\/wp-content\/uploads\/2026\/02\/Veillee-de-priere-des-freres-Fev-2026-350x100.webp"}}},"all_day":false,"start_date":"2026-02-20 20:00:00","start_date_details":{"year":"2026","month":"02","day":"20","hour":"20","minutes":"00","seconds":"00"},"end_date":"2026-02-20 22:00:00","end_date_details":{"year":"2026","month":"02","day":"20","hour":"22","minutes":"00","seconds":"00"},"utc_start_date":"2026-02-20 19:00:00","utc_start_date_details":{"year":"2026","month":"02","day":"20","hour":"19","minutes":"00","seconds":"00"},"utc_end_date":"2026-02-20 21:00:00","utc_end_date_details":{"year":"2026","month":"02","day":"20","hour":"21","minutes":"00","seconds":"00"},"timezone":"Europe\/Paris","timezone_abbr":"CET","cost":"","cost_details":{"currency_symbol":"$","currency_code":"USD","currency_position":"prefix","values":[]},"website":"","show_map":false,"show_map_link":false,"hide_from_listings":false,"sticky":false,"featured":false,"categories":[],"tags":[],"venue":{"id":6766,"author":"8","status":"publish","date":"2024-12-09 17:12:53","date_utc":"2024-12-09 16:12:53","modified":"2024-12-09 17:12:53","modified_utc":"2024-12-09 16:12:53","url":"https:\/\/paroissesaintmartindacheres.fr\/index.php\/lieu\/centre-saint-jean-xxiii\/","venue":"Centre Saint Jean XXIII","slug":"centre-saint-jean-xxiii","address":"24 bis Rue Deschamps Gu\u00e9rin","city":"Ach\u00e8res","json_ld":{"@type":"Place","name":"Centre Saint Jean XXIII","description":"","url":"","address":{"@type":"PostalAddress","streetAddress":"24 bis Rue Deschamps Gu\u00e9rin","addressLocality":"Ach\u00e8res"},"telephone":"","sameAs":""},"show_map":false,"show_map_link":false,"global_id":"paroissesaintmartindacheres.fr?id=6766","global_id_lineage":["paroissesaintmartindacheres.fr?id=6766"]},"organizer":[],"custom_fields":[],"json_ld":{"@context":"http:\/\/schema.org","@type":"Event","name":"Veill\u00e9e de pri\u00e8re pour entrer dans le temps de car\u00eame","description":"&lt;p&gt;Les membres du groupe de la pri\u00e8re des fr\u00e8res sont heureux de vous inviter \u00e0 participer \u00e0 la premi\u00e8re veill\u00e9e de pri\u00e8re qui aura lieu le : vendredi 20 f\u00e9vrier [&hellip;]&lt;\/p&gt;\\n","image":"https:\/\/paroissesaintmartindacheres.fr\/wp-content\/uploads\/2026\/02\/Veillee-de-priere-des-freres-Fev-2026.webp","url":"https:\/\/paroissesaintmartindacheres.fr\/index.php\/evenement\/veillee-de-priere-pour-entrer-dans-le-temps-de-careme\/","eventAttendanceMode":"https:\/\/schema.org\/OfflineEventAttendanceMode","eventStatus":"https:\/\/schema.org\/EventScheduled","startDate":"2026-02-20T20:00:00+01:00","endDate":"2026-02-20T22:00:00+01:00","location":{"@type":"Place","name":"Centre Saint Jean XXIII","description":"","url":"","address":{"@type":"PostalAddress","streetAddress":"24 bis Rue Deschamps Gu\u00e9rin","addressLocality":"Ach\u00e8res"},"telephone":"","sameAs":""},"performer":"Organization"}}